{"id":311,"date":"2015-07-13T09:41:00","date_gmt":"2015-07-13T09:41:00","guid":{"rendered":"http:\/\/alibericopackaging.com\/les-recipients-daluminium-palco-partent-aussi-en-vacances\/"},"modified":"2017-11-17T09:59:15","modified_gmt":"2017-11-17T09:59:15","slug":"les-recipients-daluminium-palco-partent-aussi-en-vacances","status":"publish","type":"post","link":"https:\/\/alibericopackaging.com\/fr\/les-recipients-daluminium-palco-partent-aussi-en-vacances\/","title":{"rendered":"Les r\u00e9cipients d\u2019aluminium Palco\u00ae partent aussi en vacances!"},"content":{"rendered":"<p class=\"align-justify\">Parce que gr\u00e2ce \u00e0 ses excellentes propri\u00e9t\u00e9s pour maintenir le froid des aliments, vous pourrez en profiter dans la plage ou dans la piscine \u00e0 la temp\u00e9rature id\u00e9ale, en parfaites conditions et en respectant le Environnement! Parce que les r\u00e9cipients <b>Palco\u00ae<\/b> sont 100% recyclables, ils vous aideront \u00e0 avoir une journ\u00e9e sure, ecofriendly et saine.<\/p>\n<p><!--more--><\/p>\n<p class=\"align-justify\">Choisissez entre les mod\u00e8les <a href=\"http:\/\/alibericopackaging.com\/fr\/produits\/aluminium\/vente-a-emporter\">S\u00c9RIE 24<\/a> pour la vente \u00e0 emporter ou <a href=\"http:\/\/alibericopackaging.com\/fr\/produits\/aluminium\/plats-prepares\">S\u00c9RIE 46<\/a> pour les plats pr\u00e9par\u00e9s et amusez-vous bien pendant vos vacances avec les r\u00e9cipients <b>Palco\u00ae<\/b>!<\/p>\n","protected":false},"excerpt":{"rendered":"<p>Sans faute, cet \u00e9t\u00e9\u2026 souvenez-vous de mettre les r\u00e9cipients d\u2019aluminium <b>Palco\u00ae<\/b> dans votre valise!<\/p>\n","protected":false},"author":4,"featured_media":306,"comment_status":"open","ping_status":"closed","sticky":false,"template":"","format":"standard","meta":{"footnotes":""},"categories":[2],"tags":[],"class_list":["post-311","post","type-post","status-publish","format-standard","has-post-thumbnail","hentry","category-actualite"],"_links":{"self":[{"href":"https:\/\/alibericopackaging.com\/fr\/wp-json\/wp\/v2\/posts\/311","targetHints":{"allow":["GET"]}}],"collection":[{"href":"https:\/\/alibericopackaging.com\/fr\/wp-json\/wp\/v2\/posts"}],"about":[{"href":"https:\/\/alibericopackaging.com\/fr\/wp-json\/wp\/v2\/types\/post"}],"author":[{"embeddable":true,"href":"https:\/\/alibericopackaging.com\/fr\/wp-json\/wp\/v2\/users\/4"}],"replies":[{"embeddable":true,"href":"https:\/\/alibericopackaging.com\/fr\/wp-json\/wp\/v2\/comments?post=311"}],"version-history":[{"count":1,"href":"https:\/\/alibericopackaging.com\/fr\/wp-json\/wp\/v2\/posts\/311\/revisions"}],"predecessor-version":[{"id":1345,"href":"https:\/\/alibericopackaging.com\/fr\/wp-json\/wp\/v2\/posts\/311\/revisions\/1345"}],"wp:featuredmedia":[{"embeddable":true,"href":"https:\/\/alibericopackaging.com\/fr\/wp-json\/wp\/v2\/media\/306"}],"wp:attachment":[{"href":"https:\/\/alibericopackaging.com\/fr\/wp-json\/wp\/v2\/media?parent=311"}],"wp:term":[{"taxonomy":"category","embeddable":true,"href":"https:\/\/alibericopackaging.com\/fr\/wp-json\/wp\/v2\/categories?post=311"},{"taxonomy":"post_tag","embeddable":true,"href":"https:\/\/alibericopackaging.com\/fr\/wp-json\/wp\/v2\/tags?post=311"}],"curies":[{"name":"wp","href":"https:\/\/api.w.org\/{rel}","templated":true}]}}